{"id":9107,"date":"2024-03-13T07:33:15","date_gmt":"2024-03-13T06:33:15","guid":{"rendered":"https:\/\/www.fwa-ffo.de\/wp2\/?p=9107"},"modified":"2024-03-13T08:03:48","modified_gmt":"2024-03-13T07:03:48","slug":"am-22-maerz-ist-weltwassertag-erinnerung-wasser-fuer-den-frieden","status":"publish","type":"post","link":"https:\/\/www.fwa-ffo.de\/wp2\/am-22-maerz-ist-weltwassertag-erinnerung-wasser-fuer-den-frieden\/","title":{"rendered":"Am 22. M\u00e4rz ist Weltwassertag! Erinnerung: \u201eWasser f\u00fcr den Frieden\u201c"},"content":{"rendered":"\t\t<div data-elementor-type=\"wp-post\" data-elementor-id=\"9107\" class=\"elementor elementor-9107\" data-elementor-post-type=\"post\">\n\t\t\t\t\t\t<section class=\"elementor-section elementor-top-section elementor-element elementor-element-53777cb elementor-section-boxed elementor-section-height-default elementor-section-height-default\" data-id=\"53777cb\" data-element_type=\"section\" data-e-type=\"section\">\n\t\t\t\t\t\t<div class=\"elementor-container elementor-column-gap-default\">\n\t\t\t\t\t<div class=\"elementor-column elementor-col-100 elementor-top-column elementor-element elementor-element-cc5b15e\" data-id=\"cc5b15e\" data-element_type=\"column\" data-e-type=\"column\">\n\t\t\t<div class=\"elementor-widget-wrap elementor-element-populated\">\n\t\t\t\t\t\t<div class=\"elementor-element elementor-element-74ae595 elementor-widget elementor-widget-text-editor\" data-id=\"74ae595\" data-element_type=\"widget\" data-e-type=\"widget\" data-widget_type=\"text-editor.default\">\n\t\t\t\t<div class=\"elementor-widget-container\">\n\t\t\t\t\t\t\t\t\t<p>Am 22. M\u00e4rz begeht die Welt den Tag des Wassers und erinnert allj\u00e4hrlich an die Besonderheiten von Wasser als der essenziellsten Ressource allen Lebens. Der Weltwassertag, zu dem die Vereinten Nationen (UN) seit 1992 aufrufen, steht in diesem Jahr unter dem Motto &#8222;Leveraging water for peace \u2013 Wasser f\u00fcr den Frieden&#8220;.<\/p>\n<p>Denn die Verf\u00fcgbarkeit von Wasser macht den entscheidenden Unterschied in unser aller Zusammenleben. Wasser kann Frieden schaffen oder Konflikte ausl\u00f6sen. Wenn Wasser knapp oder verschmutzt wird, oder wenn Menschen keinen oder ungleichen Zugang dazu haben, k\u00f6nnen Spannungen zwischen Gemeinschaften und L\u00e4ndern entstehen. Mehr als 3 Milliarden Menschen weltweit sind auf Wasser angewiesen, welches nationale Grenzen \u00fcberschreitet. Von den 153 L\u00e4ndern, die sich Fl\u00fcsse, Seen und Grundwasser mit ihren Nachbarn teilen, berichten nur 24 L\u00e4nder \u00fcber Kooperationsvereinbarungen f\u00fcr all ihr gemeinsames Wasser.<\/p>\n<p>Die zunehmenden Auswirkungen des Klimawandels fordern dringend eine Zusammenarbeit innerhalb und zwischen den L\u00e4ndern, um unsere kostbarste Ressource zu sch\u00fctzen und zu erhalten. Auch angesichts der wachsenden Bev\u00f6lkerung wird das Thema Wasser im Kampf gegen Armut und Umweltverschmutzung immer wichtiger. Die Zusammenarbeit in Bezug auf Wasser kann eine entscheidende Resilienz gegen extreme Wetterereignisse aufbauen und Bev\u00f6lkerungen helfen, sich an ein sich ver\u00e4nderndes Klima anzupassen. Die \u00f6ffentliche Gesundheit und der Wohlstand, Nahrungsmittel- und Energiesysteme, die wirtschaftliche Produktivit\u00e4t und Umweltvertr\u00e4glichkeit h\u00e4ngen alle von einem gut funktionierenden und gerecht verwalteten Wasserkreislauf ab. Das bedeutet, dass Nichtdiskriminierung und Gleichheit beim Zugang zu Wasser und Sanit\u00e4rversorgung positive Auswirkungen auf die gesamte Gesellschaft haben k\u00f6nnen. Friedliche Zusammenarbeit im Bereich Wasser kann sich auf friedliche Zusammenarbeit in allen Sektoren auswirken und so eine stabilisierende Kraft und ein Katalysator f\u00fcr nachhaltige Entwicklung sein.<\/p>\n<p>\u201eWir m\u00fcssen uns dar\u00fcber im Klaren sein, dass Wasser nicht nur eine Ressource ist, \u00fcber die man verf\u00fcgen und konkurrieren kann. Es ist ein Menschenrecht, das in jedem Aspekt des Lebens verankert ist!\u201c, sagt Gerd Weber, Gesch\u00e4ftsf\u00fchrer der Frankfurter Wasserund Abwassergesellschaft mbH (FWA). Auf lokaler und nationaler Ebene m\u00fcssen verschiedene Wassernutzer \u2013 insbesondere Wasserversorgungs- und Abwasserentsorgungsunternehmen, Energie-, Lebensmittel- und Industrieunternehmen \u2013 zusammenarbeiten und eine gerechte Verteilungsl\u00f6sung finden.&nbsp;<\/p>\n<p>Als wasserreiches Bundesland profitiert Brandenburg von einer Vielzahl an Seen, Fl\u00fcssen und Grundwasserressourcen, die die Grundlage f\u00fcr die Trinkwasserversorgungder Bev\u00f6lkerung bilden. Ungeachtet dessen ist die nachhaltige Bewirtschaftung dieser Wasserressourcen von gro\u00dfer Bedeutung, um die Qualit\u00e4t und Verf\u00fcgbarkeit unseres Trinkwassers langfristig zu sichern. Eine gerechte Verteilung und effiziente Nutzung der Wasserressourcen ist nur durch eine kooperative Wasserpolitik m\u00f6glich. Nur so k\u00f6nnen Konflikte vermieden und der Frieden in der Region gef\u00f6rdert werden.<\/p>\n<p><strong>Hintergrund:<br><br><\/strong>Der Weltwassertag findet seit 1993 jedes Jahr am 22. M\u00e4rz statt. Seit 2003 wird er von UN-Water organisiert. Er wurde in der Agenda 21 der UN-Konferenz f\u00fcr Umwelt und Entwicklung (UNCED) in Rio de Janeiro vorgeschlagen und von der UN-Generalversammlung in einer Resolution am 22. Dezember 1992 beschlossen. Die 2015 beschlossenen nachhaltigen Entwicklungsziele beinhalten auch den Entschluss, bis 2030 jedem Menschen weltweit eine sichere Trinkwasserversorgung zu erm\u00f6glichen und damit einhergehend die extreme Armut zu beenden. Die j\u00e4hrlich wechselnden Schwerpunkthemen des Weltwassertages werden durch die Vereinten Nationen festgelegt.<\/p>\n<p><br>Frankfurt (Oder), 22. M\u00e4rz 2024<\/p>\t\t\t\t\t\t\t\t<\/div>\n\t\t\t\t<\/div>\n\t\t\t\t\t<\/div>\n\t\t<\/div>\n\t\t\t\t\t<\/div>\n\t\t<\/section>\n\t\t\t\t<\/div>\n\t\t","protected":false},"excerpt":{"rendered":"<p>Am 22. M\u00e4rz begeht die Welt den Tag des Wassers und erinnert allj\u00e4hrlich an die<br \/>\nBesonderheiten von Wasser als der essenziellsten Ressource allen Lebens. Der Weltwassertag, zu dem die Vereinten Nationen (UN) seit 1992 aufrufen, steht in diesem Jahr unter dem Motto &#8222;Leveraging water for peace \u2013 Wasser f\u00fcr den Frieden&#8220;.<\/p>\n","protected":false},"author":1,"featured_media":9133,"comment_status":"closed","ping_status":"closed","sticky":false,"template":"","format":"standard","meta":{"footnotes":""},"categories":[1],"tags":[],"class_list":["post-9107","post","type-post","status-publish","format-standard","has-post-thumbnail","hentry","category-allgemein"],"_links":{"self":[{"href":"https:\/\/www.fwa-ffo.de\/wp2\/wp-json\/wp\/v2\/posts\/9107","targetHints":{"allow":["GET"]}}],"collection":[{"href":"https:\/\/www.fwa-ffo.de\/wp2\/wp-json\/wp\/v2\/posts"}],"about":[{"href":"https:\/\/www.fwa-ffo.de\/wp2\/wp-json\/wp\/v2\/types\/post"}],"author":[{"embeddable":true,"href":"https:\/\/www.fwa-ffo.de\/wp2\/wp-json\/wp\/v2\/users\/1"}],"replies":[{"embeddable":true,"href":"https:\/\/www.fwa-ffo.de\/wp2\/wp-json\/wp\/v2\/comments?post=9107"}],"version-history":[{"count":0,"href":"https:\/\/www.fwa-ffo.de\/wp2\/wp-json\/wp\/v2\/posts\/9107\/revisions"}],"wp:featuredmedia":[{"embeddable":true,"href":"https:\/\/www.fwa-ffo.de\/wp2\/wp-json\/wp\/v2\/media\/9133"}],"wp:attachment":[{"href":"https:\/\/www.fwa-ffo.de\/wp2\/wp-json\/wp\/v2\/media?parent=9107"}],"wp:term":[{"taxonomy":"category","embeddable":true,"href":"https:\/\/www.fwa-ffo.de\/wp2\/wp-json\/wp\/v2\/categories?post=9107"},{"taxonomy":"post_tag","embeddable":true,"href":"https:\/\/www.fwa-ffo.de\/wp2\/wp-json\/wp\/v2\/tags?post=9107"}],"curies":[{"name":"wp","href":"https:\/\/api.w.org\/{rel}","templated":true}]}}