{"id":7127,"date":"2022-03-30T15:01:12","date_gmt":"2022-03-30T13:01:12","guid":{"rendered":"https:\/\/www.fwa-ffo.de\/wp2\/?p=7127"},"modified":"2022-04-07T12:38:04","modified_gmt":"2022-04-07T10:38:04","slug":"elementor-7127","status":"publish","type":"post","link":"https:\/\/www.fwa-ffo.de\/wp2\/elementor-7127\/","title":{"rendered":"Hier baut die FWA &#8211; Alle im Jahr 2022 geplanten Bauma\u00dfnahmen auf einen Blick"},"content":{"rendered":"\t\t<div data-elementor-type=\"wp-post\" data-elementor-id=\"7127\" class=\"elementor elementor-7127\" data-elementor-post-type=\"post\">\n\t\t\t\t\t\t<section class=\"elementor-section elementor-top-section elementor-element elementor-element-aac3f0d elementor-section-boxed elementor-section-height-default elementor-section-height-default\" data-id=\"aac3f0d\" data-element_type=\"section\" data-e-type=\"section\">\n\t\t\t\t\t\t<div class=\"elementor-container elementor-column-gap-default\">\n\t\t\t\t\t<div class=\"elementor-column elementor-col-100 elementor-top-column elementor-element elementor-element-56a2b2c\" data-id=\"56a2b2c\" data-element_type=\"column\" data-e-type=\"column\">\n\t\t\t<div class=\"elementor-widget-wrap elementor-element-populated\">\n\t\t\t\t\t\t<div class=\"elementor-element elementor-element-8d581d2 elementor-widget elementor-widget-text-editor\" data-id=\"8d581d2\" data-element_type=\"widget\" data-e-type=\"widget\" data-widget_type=\"text-editor.default\">\n\t\t\t\t<div class=\"elementor-widget-container\">\n\t\t\t\t\t\t\t\t\t<h3><strong><span style=\"text-decoration: underline;\">Trinkwasser<\/span>\u00a0<\/strong><\/h3><p><strong>F\u00fcrstenwalder Stra\u00dfe: <\/strong><br \/>Auswechslung der Trinkwasserleitung aufgrund des Zustandes der teilweise 140 Jahre alten Versorgungsleitung; im Bereich der Th\u00e4lmann-Br\u00fccke Herstellung einer Druckminderanlage f\u00fcr die Sicherung der Trinkwasserversorgung der \u201eUnteren Stadt\u201c<\/p><p><strong>Kliestower Stra\u00dfe: <\/strong><br \/>Auswechslung der 60 Jahre alten Versorgungsleitung von der Herbert-Jensch-Stra\u00dfe bis zum Triftweg<\/p><p><strong>Luisenstra\u00dfe: <\/strong><br \/>Weiterf\u00fchrung der Bauma\u00dfnahmen; voraussichtliches Ende: April<\/p><p><strong>Kliestower Weg und Am Klingetal: <\/strong><br \/>(siehe Abwasser)<\/p><p><strong>Schul-\/Collegienstra\u00dfe:<br \/><\/strong>Auswechslung der teilweise 140 Jahre alten Trinkwasserleitung in der Oderpromenade, Collegien- und Schulstra\u00dfe, die h\u00e4ufig von Rohrbr\u00fcchen und Druckmangelerscheinungen betroffen war<\/p><p><strong>Gro\u00dfe Oderstra\u00dfe: <br \/><\/strong>Auswechslung der Trinkwasserleitung zwischen Bischofstra\u00dfe und Studentenwohnheim Gro\u00dfe Oderstra\u00dfe 50, die aus dem Jahr 1925 stammt<\/p><p><strong>Carl-Ph.-E.-Bach-Stra\u00dfe: <\/strong><br \/>Erneuerung der alten Trinkwasser-Gussleitung aus dem Jahr 1880 zwischen Gro\u00dfe Oderstra\u00dfe und Holzmarkt<\/p><p><strong>Rathenau-\/Otto-Nagel-Stra\u00dfe: <\/strong><br \/>Auswechslung von zirka 470 Metern der fast 100 Jahre alten Trinkwasserleitung von der August-Bebel-Stra\u00dfe bis zum Kreisel Josef-Gesing-\/Georg-Richter-Stra\u00dfe inklusive 30 Metern in der Georg-Richter-Stra\u00dfe<\/p><h3>\u00a0<\/h3><h3><span style=\"text-decoration: underline;\"><strong>Abwasser<\/strong><\/span><\/h3><p><strong>Kieler Stra\u00dfe\/Bergstra\u00dfe:<\/strong><br \/>Errichtung einer Sedimentationsanlage vor der Einbindung des Regenwasserkanals in die Klinge; sie wird Sande und andere Grobstoffe zur\u00fcckhalten und in den Schmutzwasserkanal pumpen<\/p>\t\t\t\t\t\t\t\t<\/div>\n\t\t\t\t<\/div>\n\t\t\t\t<div class=\"elementor-element elementor-element-0db5a52 elementor-widget elementor-widget-image\" data-id=\"0db5a52\" data-element_type=\"widget\" data-e-type=\"widget\" data-widget_type=\"image.default\">\n\t\t\t\t<div class=\"elementor-widget-container\">\n\t\t\t\t\t\t\t\t\t\t\t\t<figure class=\"wp-caption\">\n\t\t\t\t\t\t\t\t\t\t<img fetchpriority=\"high\" decoding=\"async\" width=\"324\" height=\"223\" src=\"https:\/\/www.fwa-ffo.de\/wp2\/wp-content\/uploads\/Abwasser_Baustelle_KielerStr.png\" class=\"attachment-full size-full wp-image-7139\" alt=\"fertiggestellte Baustelle\" \/>\t\t\t\t\t\t\t\t\t\t\t<figcaption class=\"widget-image-caption wp-caption-text\">Obwohl die Bauarbeiten in der Kieler Stra\u00dfe\/Bergstra\u00dfe<br> erst im August beginnen, mussten bereits zu Jahresbeginn<br>Str\u00e4ucher und B\u00e4ume gerodet bzw. umgepflanzt werden.<br>Diese Arbeiten sind nur bis Ende Februar zul\u00e4ssig.<\/figcaption>\n\t\t\t\t\t\t\t\t\t\t<\/figure>\n\t\t\t\t\t\t\t\t\t<\/div>\n\t\t\t\t<\/div>\n\t\t\t\t<div class=\"elementor-element elementor-element-9b09bf6 elementor-widget elementor-widget-spacer\" data-id=\"9b09bf6\" data-element_type=\"widget\" data-e-type=\"widget\" data-widget_type=\"spacer.default\">\n\t\t\t\t<div class=\"elementor-widget-container\">\n\t\t\t\t\t\t\t<div class=\"elementor-spacer\">\n\t\t\t<div class=\"elementor-spacer-inner\"><\/div>\n\t\t<\/div>\n\t\t\t\t\t\t<\/div>\n\t\t\t\t<\/div>\n\t\t\t\t<div class=\"elementor-element elementor-element-a7e3bcf elementor-widget elementor-widget-text-editor\" data-id=\"a7e3bcf\" data-element_type=\"widget\" data-e-type=\"widget\" data-widget_type=\"text-editor.default\">\n\t\t\t\t<div class=\"elementor-widget-container\">\n\t\t\t\t\t\t\t\t\t<p><strong>Am Klingetal: <\/strong><br>Fortsetzung der 2021 begonnenen Ma\u00dfnahme im Bereich des Kreisels: Erneuerung der Abwasser-Druckrohrleitung, Errichtung eines Staukanals und eines Filterschachts zur Geruchs-eind\u00e4mmung<\/p>\n<p><strong>Am Klingetal 1-4: <\/strong><br>Verlegung eines Regenwasserkanals zur Entflechtung des Mischwasserkanals, gemeinsam mit der Auswechslung der Trinkwasserversorgungsleitung<\/p>\n<p><strong>Kieler Stra\u00dfe: <\/strong><br>Errichtung eines Pumpwerks an der Kieler Stra\u00dfe und Verlegung einer Druckrohrleitung bis Luisenstra\u00dfe<\/p>\n<p><strong>Markendorf, Wildbahn: <\/strong><br>Verl\u00e4ngerung des vorhandenen Regenwasserkanals in der Wildbahn bis zur Tobias-Magirus-Stra\u00dfe<\/p>\n<p><strong>Am Winterhafen\/Herbert-Jensch-Stra\u00dfe: <\/strong><br>Sanierung der 1911\/1919 errichteten Mischwasserkan\u00e4le Am Winterhafen und in der Herbert-Jensch-Stra\u00dfe, von der Goepelstra\u00dfe bis zur Kreuzung Am Winterhafen, durch den Einzug eines Schlauchliners<\/p>\n<p><strong>Kliestower Weg: <\/strong><br>Umverlegung eines Mischwasserkanals im Bereich Kliestower Weg Nr. 17\/17a, gemeinsam mit der Auswechslung der Trinkwasserwasserleitung<\/p>\n<p><strong>Kliestower Stra\u00dfe: <\/strong><br>Erneuerung einer Freigef\u00e4lledruckrohrleitung vom Frankfurter Brauhaus im Bereich der Haus-Nr. 85-85e<\/p>\t\t\t\t\t\t\t\t<\/div>\n\t\t\t\t<\/div>\n\t\t\t\t\t<\/div>\n\t\t<\/div>\n\t\t\t\t\t<\/div>\n\t\t<\/section>\n\t\t\t\t<\/div>\n\t\t","protected":false},"excerpt":{"rendered":"<p><b>Trinkwasser<\/b><\/p>\n<p><u>F\u00fcrstenwalder Stra\u00dfe:<\/u><br \/>\nAuswechslung der Trinkwasserleitung<br \/>\naufgrund des Zustandes der teilweise<br \/>\n140 Jahre alten Versorgungsleitung;<br \/>\nim Bereich der Th\u00e4lmann-Br\u00fccke<br \/>\nHerstellung einer Druckminderanlage<br \/>\nf\u00fcr die Sicherung der Trinkwasser-<br \/>\nversorgung der \u201eUnteren Stadt\u201c<\/p>\n<p><u>Kliestower Stra\u00dfe: <\/u><\/p>\n<p>Auswechslung der 60 Jahre alten Versorgungsleitung von der Herbert-Jensch-Stra\u00dfe bis zum Triftweg<\/p>\n","protected":false},"author":1,"featured_media":7410,"comment_status":"closed","ping_status":"closed","sticky":false,"template":"","format":"standard","meta":{"footnotes":""},"categories":[1],"tags":[],"class_list":["post-7127","post","type-post","status-publish","format-standard","has-post-thumbnail","hentry","category-allgemein"],"_links":{"self":[{"href":"https:\/\/www.fwa-ffo.de\/wp2\/wp-json\/wp\/v2\/posts\/7127","targetHints":{"allow":["GET"]}}],"collection":[{"href":"https:\/\/www.fwa-ffo.de\/wp2\/wp-json\/wp\/v2\/posts"}],"about":[{"href":"https:\/\/www.fwa-ffo.de\/wp2\/wp-json\/wp\/v2\/types\/post"}],"author":[{"embeddable":true,"href":"https:\/\/www.fwa-ffo.de\/wp2\/wp-json\/wp\/v2\/users\/1"}],"replies":[{"embeddable":true,"href":"https:\/\/www.fwa-ffo.de\/wp2\/wp-json\/wp\/v2\/comments?post=7127"}],"version-history":[{"count":0,"href":"https:\/\/www.fwa-ffo.de\/wp2\/wp-json\/wp\/v2\/posts\/7127\/revisions"}],"wp:featuredmedia":[{"embeddable":true,"href":"https:\/\/www.fwa-ffo.de\/wp2\/wp-json\/wp\/v2\/media\/7410"}],"wp:attachment":[{"href":"https:\/\/www.fwa-ffo.de\/wp2\/wp-json\/wp\/v2\/media?parent=7127"}],"wp:term":[{"taxonomy":"category","embeddable":true,"href":"https:\/\/www.fwa-ffo.de\/wp2\/wp-json\/wp\/v2\/categories?post=7127"},{"taxonomy":"post_tag","embeddable":true,"href":"https:\/\/www.fwa-ffo.de\/wp2\/wp-json\/wp\/v2\/tags?post=7127"}],"curies":[{"name":"wp","href":"https:\/\/api.w.org\/{rel}","templated":true}]}}