{"id":11785,"date":"2026-08-31T06:42:18","date_gmt":"2026-08-31T04:42:18","guid":{"rendered":"https:\/\/www.fwa-ffo.de\/wp2\/?p=11785"},"modified":"2026-08-31T06:44:05","modified_gmt":"2026-08-31T04:44:05","slug":"achtung-wartungsarbeiten-an-der-dea-pagram","status":"publish","type":"post","link":"https:\/\/www.fwa-ffo.de\/wp2\/achtung-wartungsarbeiten-an-der-dea-pagram\/","title":{"rendered":"Achtung: Wartungsarbeiten an der DEA Pagram"},"content":{"rendered":"\t\t<div data-elementor-type=\"wp-post\" data-elementor-id=\"11785\" class=\"elementor elementor-11785\" data-elementor-post-type=\"post\">\n\t\t\t\t\t\t<section class=\"elementor-section elementor-top-section elementor-element elementor-element-c650d16 elementor-section-boxed elementor-section-height-default elementor-section-height-default\" data-id=\"c650d16\" data-element_type=\"section\" data-e-type=\"section\">\n\t\t\t\t\t\t<div class=\"elementor-container elementor-column-gap-default\">\n\t\t\t\t\t<div class=\"elementor-column elementor-col-100 elementor-top-column elementor-element elementor-element-4efe59e\" data-id=\"4efe59e\" data-element_type=\"column\" data-e-type=\"column\">\n\t\t\t<div class=\"elementor-widget-wrap elementor-element-populated\">\n\t\t\t\t\t\t<div class=\"elementor-element elementor-element-866a246 elementor-widget elementor-widget-text-editor\" data-id=\"866a246\" data-element_type=\"widget\" data-e-type=\"widget\" data-widget_type=\"text-editor.default\">\n\t\t\t\t<div class=\"elementor-widget-container\">\n\t\t\t\t\t\t\t\t\t<p>Am kommenden Mittwoch, 2. September 2026, kann es in der Zeit von 7:30 Uhr bis 10:30 Uhr in Lichtenberg, ETTC-Gel\u00e4nde, Rosengarten und Pagram zu Druckschwankungen und Unterbrechungen der Trinkwasserversorgung kommen. Grund sind Wartungsarbeiten an der Druckerh\u00f6hungsstation (DEA) in Pagram.<\/p><p>Wir bem\u00fchen uns, die Einschr\u00e4nkungen so gering wie m\u00f6glich zu halten, und bitten Sie, sich sicherheitshalber mit ausreichend Trinkwasser zu bevorraten. Sinnvoll ist es auch, Beh\u00e4lter oder die Badewanne z. B. f\u00fcr die Toilettensp\u00fclung zu f\u00fcllen. Im Anschluss sind leichte Tr\u00fcbungen und Verf\u00e4rbungen im Wasser m\u00f6glich. Wir raten deshalb, dies zu pr\u00fcfen, bevor das Wasser zum Verzehr oder zum Waschen wei\u00dfer W\u00e4sche benutzt wird.<\/p><p><strong>Bitte geben Sie diese Informationen auch an Nachbarn und \u00e4ltere Mitmenschen weiter!<\/strong><\/p>\t\t\t\t\t\t\t\t<\/div>\n\t\t\t\t<\/div>\n\t\t\t\t\t<\/div>\n\t\t<\/div>\n\t\t\t\t\t<\/div>\n\t\t<\/section>\n\t\t\t\t<\/div>\n\t\t","protected":false},"excerpt":{"rendered":"<p>Am kommenden Mittwoch, 2. September 2026, kann es in der Zeit von 7:30 Uhr bis 10:30 Uhr in Lichtenberg, ETTC-Gel\u00e4nde, Rosengarten und Pagram zu Druckschwankungen und Unterbrechungen der Trinkwasserversorgung kommen. Grund sind Wartungsarbeiten an der Druckerh\u00f6hungsstation (DEA) in Pagram.<\/p>\n","protected":false},"author":1,"featured_media":10803,"comment_status":"closed","ping_status":"closed","sticky":false,"template":"","format":"standard","meta":{"footnotes":""},"categories":[1],"tags":[],"class_list":["post-11785","post","type-post","status-publish","format-standard","has-post-thumbnail","hentry","category-allgemein"],"_links":{"self":[{"href":"https:\/\/www.fwa-ffo.de\/wp2\/wp-json\/wp\/v2\/posts\/11785","targetHints":{"allow":["GET"]}}],"collection":[{"href":"https:\/\/www.fwa-ffo.de\/wp2\/wp-json\/wp\/v2\/posts"}],"about":[{"href":"https:\/\/www.fwa-ffo.de\/wp2\/wp-json\/wp\/v2\/types\/post"}],"author":[{"embeddable":true,"href":"https:\/\/www.fwa-ffo.de\/wp2\/wp-json\/wp\/v2\/users\/1"}],"replies":[{"embeddable":true,"href":"https:\/\/www.fwa-ffo.de\/wp2\/wp-json\/wp\/v2\/comments?post=11785"}],"version-history":[{"count":3,"href":"https:\/\/www.fwa-ffo.de\/wp2\/wp-json\/wp\/v2\/posts\/11785\/revisions"}],"predecessor-version":[{"id":11788,"href":"https:\/\/www.fwa-ffo.de\/wp2\/wp-json\/wp\/v2\/posts\/11785\/revisions\/11788"}],"wp:featuredmedia":[{"embeddable":true,"href":"https:\/\/www.fwa-ffo.de\/wp2\/wp-json\/wp\/v2\/media\/10803"}],"wp:attachment":[{"href":"https:\/\/www.fwa-ffo.de\/wp2\/wp-json\/wp\/v2\/media?parent=11785"}],"wp:term":[{"taxonomy":"category","embeddable":true,"href":"https:\/\/www.fwa-ffo.de\/wp2\/wp-json\/wp\/v2\/categories?post=11785"},{"taxonomy":"post_tag","embeddable":true,"href":"https:\/\/www.fwa-ffo.de\/wp2\/wp-json\/wp\/v2\/tags?post=11785"}],"curies":[{"name":"wp","href":"https:\/\/api.w.org\/{rel}","templated":true}]}}