{"id":11745,"date":"2026-08-27T14:59:55","date_gmt":"2026-08-27T12:59:55","guid":{"rendered":"https:\/\/www.fwa-ffo.de\/wp2\/?p=11745"},"modified":"2026-08-27T15:03:45","modified_gmt":"2026-08-27T13:03:45","slug":"achtung-am-31-august-ausfall-der-trinkwasserversorgung-im-gebiet-langer-grund","status":"publish","type":"post","link":"https:\/\/www.fwa-ffo.de\/wp2\/achtung-am-31-august-ausfall-der-trinkwasserversorgung-im-gebiet-langer-grund\/","title":{"rendered":"Achtung: Am 31. August Ausfall der Trinkwasserversorgung im Gebiet Langer Grund"},"content":{"rendered":"\t\t<div data-elementor-type=\"wp-post\" data-elementor-id=\"11745\" class=\"elementor elementor-11745\" data-elementor-post-type=\"post\">\n\t\t\t\t\t\t<section class=\"elementor-section elementor-top-section elementor-element elementor-element-c650d16 elementor-section-boxed elementor-section-height-default elementor-section-height-default\" data-id=\"c650d16\" data-element_type=\"section\" data-e-type=\"section\">\n\t\t\t\t\t\t<div class=\"elementor-container elementor-column-gap-default\">\n\t\t\t\t\t<div class=\"elementor-column elementor-col-100 elementor-top-column elementor-element elementor-element-4efe59e\" data-id=\"4efe59e\" data-element_type=\"column\" data-e-type=\"column\">\n\t\t\t<div class=\"elementor-widget-wrap elementor-element-populated\">\n\t\t\t\t\t\t<div class=\"elementor-element elementor-element-866a246 elementor-widget elementor-widget-text-editor\" data-id=\"866a246\" data-element_type=\"widget\" data-e-type=\"widget\" data-widget_type=\"text-editor.default\">\n\t\t\t\t<div class=\"elementor-widget-container\">\n\t\t\t\t\t\t\t\t\t<p>Aufgrund von Arbeiten an der Trinkwasserversorgungsleitung kommt es am 31. August 2026 in der Zeit von 8 bis 12 Uhr zur Unterbrechung der Trinkwasserversorgung in der Stra\u00dfe Langer Grund.<\/p><p>Wir bitten Sie, sich mit ausreichend Trinkwasser zu bevorraten und Beh\u00e4lter z. B. f\u00fcr die Toilettensp\u00fclung zu f\u00fcllen! Im Anschluss sind leichte Tr\u00fcbungen und Verf\u00e4rbungen im Wasser m\u00f6glich. Wir raten deshalb, dies zu pr\u00fcfen, bevor das Wasser zum Verzehr oder zum Waschen wei\u00dfer W\u00e4sche benutzt wird.<\/p><p><strong>Bitte geben Sie diese Informationen auch an Nachbarn und \u00e4ltere Mitmenschen weiter!<\/strong><\/p>\t\t\t\t\t\t\t\t<\/div>\n\t\t\t\t<\/div>\n\t\t\t\t\t<\/div>\n\t\t<\/div>\n\t\t\t\t\t<\/div>\n\t\t<\/section>\n\t\t\t\t<\/div>\n\t\t","protected":false},"excerpt":{"rendered":"<p>Aufgrund von Arbeiten an der Trinkwasserversorgungsleitung kommt es am 31. August 2026 in der Zeit von 8 bis 12 Uhr zur Unterbrechung der Trinkwasserversorgung in der Stra\u00dfe Langer Grund.<\/p>\n","protected":false},"author":1,"featured_media":8727,"comment_status":"closed","ping_status":"closed","sticky":false,"template":"","format":"standard","meta":{"footnotes":""},"categories":[1],"tags":[],"class_list":["post-11745","post","type-post","status-publish","format-standard","has-post-thumbnail","hentry","category-allgemein"],"_links":{"self":[{"href":"https:\/\/www.fwa-ffo.de\/wp2\/wp-json\/wp\/v2\/posts\/11745","targetHints":{"allow":["GET"]}}],"collection":[{"href":"https:\/\/www.fwa-ffo.de\/wp2\/wp-json\/wp\/v2\/posts"}],"about":[{"href":"https:\/\/www.fwa-ffo.de\/wp2\/wp-json\/wp\/v2\/types\/post"}],"author":[{"embeddable":true,"href":"https:\/\/www.fwa-ffo.de\/wp2\/wp-json\/wp\/v2\/users\/1"}],"replies":[{"embeddable":true,"href":"https:\/\/www.fwa-ffo.de\/wp2\/wp-json\/wp\/v2\/comments?post=11745"}],"version-history":[{"count":3,"href":"https:\/\/www.fwa-ffo.de\/wp2\/wp-json\/wp\/v2\/posts\/11745\/revisions"}],"predecessor-version":[{"id":11748,"href":"https:\/\/www.fwa-ffo.de\/wp2\/wp-json\/wp\/v2\/posts\/11745\/revisions\/11748"}],"wp:featuredmedia":[{"embeddable":true,"href":"https:\/\/www.fwa-ffo.de\/wp2\/wp-json\/wp\/v2\/media\/8727"}],"wp:attachment":[{"href":"https:\/\/www.fwa-ffo.de\/wp2\/wp-json\/wp\/v2\/media?parent=11745"}],"wp:term":[{"taxonomy":"category","embeddable":true,"href":"https:\/\/www.fwa-ffo.de\/wp2\/wp-json\/wp\/v2\/categories?post=11745"},{"taxonomy":"post_tag","embeddable":true,"href":"https:\/\/www.fwa-ffo.de\/wp2\/wp-json\/wp\/v2\/tags?post=11745"}],"curies":[{"name":"wp","href":"https:\/\/api.w.org\/{rel}","templated":true}]}}