{"id":10806,"date":"2025-06-26T06:48:54","date_gmt":"2025-06-26T04:48:54","guid":{"rendered":"https:\/\/www.fwa-ffo.de\/wp2\/?p=10806"},"modified":"2025-10-15T14:45:51","modified_gmt":"2025-10-15T12:45:51","slug":"vollsperrung-rathenaustrasse-ab-ende-juli","status":"publish","type":"post","link":"https:\/\/www.fwa-ffo.de\/wp2\/vollsperrung-rathenaustrasse-ab-ende-juli\/","title":{"rendered":"Vollsperrung Rathenaustra\u00dfe ab Ende Juli &#8211; FWA erneuert Trink- und Abwasserleitung"},"content":{"rendered":"\t\t<div data-elementor-type=\"wp-post\" data-elementor-id=\"10806\" class=\"elementor elementor-10806\" data-elementor-post-type=\"post\">\n\t\t\t\t\t\t<section class=\"elementor-section elementor-top-section elementor-element elementor-element-607be65 elementor-section-boxed elementor-section-height-default elementor-section-height-default\" data-id=\"607be65\" data-element_type=\"section\" data-e-type=\"section\">\n\t\t\t\t\t\t<div class=\"elementor-container elementor-column-gap-default\">\n\t\t\t\t\t<div class=\"elementor-column elementor-col-100 elementor-top-column elementor-element elementor-element-6c3ceb8\" data-id=\"6c3ceb8\" data-element_type=\"column\" data-e-type=\"column\">\n\t\t\t<div class=\"elementor-widget-wrap elementor-element-populated\">\n\t\t\t\t\t\t<div class=\"elementor-element elementor-element-d328026 elementor-widget elementor-widget-text-editor\" data-id=\"d328026\" data-element_type=\"widget\" data-e-type=\"widget\" data-widget_type=\"text-editor.default\">\n\t\t\t\t<div class=\"elementor-widget-container\">\n\t\t\t\t\t\t\t\t\t<p>Die Frankfurter Wasser- und Abwassergesellschaft mbH (FWA) setzt seit Ende Mai die Bauma\u00dfnahmen in der Rathenaustra\u00dfe zwischen Georg-Richter-Stra\u00dfe und Am Klingetal fort.\u00a0<br \/><br \/>Im Stra\u00dfenbereich werden insgesamt 650 Meter Trinkwasserleitung und 500 Meter Abwasserdruckrohrleitung erneuert. Ab Ende Juli bis Ende September erfordern die Bauarbeiten zwingend eine Vollsperrung. Die notwendigen Umleitungen betreffen auch den Busverkehr.\u00a0<br \/><br \/>Die Firma Kesslau GmbH realisiert die Ma\u00dfnahme mit<br \/>weiteren Einschr\u00e4nkungen der Befahrbarkeit der Rathenaustra\u00dfe in vier Bauabschnitten bis voraussichtlich Dezember 2025.<\/p>\t\t\t\t\t\t\t\t<\/div>\n\t\t\t\t<\/div>\n\t\t\t\t\t<\/div>\n\t\t<\/div>\n\t\t\t\t\t<\/div>\n\t\t<\/section>\n\t\t\t\t<\/div>\n\t\t","protected":false},"excerpt":{"rendered":"<p>Die Frankfurter Wasser- und Abwassergesellschaft mbH (FWA) setzt seit Ende Mai die Bauma\u00dfnahmen in der Rathenaustra\u00dfe zwischen Georg-Richter-Stra\u00dfe und Am Klingetal fort. Im Stra\u00dfenbereich werden insgesamt 650 Meter Trinkwasserleitung und 500 Meter Abwasserdruckrohrleitung erneuert. Ab Ende Juli bis Ende September erfordern die Bauarbeiten zwingend eine Vollsperrung.<\/p>\n","protected":false},"author":1,"featured_media":10803,"comment_status":"closed","ping_status":"closed","sticky":false,"template":"","format":"standard","meta":{"footnotes":""},"categories":[1],"tags":[],"class_list":["post-10806","post","type-post","status-publish","format-standard","has-post-thumbnail","hentry","category-allgemein"],"_links":{"self":[{"href":"https:\/\/www.fwa-ffo.de\/wp2\/wp-json\/wp\/v2\/posts\/10806","targetHints":{"allow":["GET"]}}],"collection":[{"href":"https:\/\/www.fwa-ffo.de\/wp2\/wp-json\/wp\/v2\/posts"}],"about":[{"href":"https:\/\/www.fwa-ffo.de\/wp2\/wp-json\/wp\/v2\/types\/post"}],"author":[{"embeddable":true,"href":"https:\/\/www.fwa-ffo.de\/wp2\/wp-json\/wp\/v2\/users\/1"}],"replies":[{"embeddable":true,"href":"https:\/\/www.fwa-ffo.de\/wp2\/wp-json\/wp\/v2\/comments?post=10806"}],"version-history":[{"count":0,"href":"https:\/\/www.fwa-ffo.de\/wp2\/wp-json\/wp\/v2\/posts\/10806\/revisions"}],"wp:featuredmedia":[{"embeddable":true,"href":"https:\/\/www.fwa-ffo.de\/wp2\/wp-json\/wp\/v2\/media\/10803"}],"wp:attachment":[{"href":"https:\/\/www.fwa-ffo.de\/wp2\/wp-json\/wp\/v2\/media?parent=10806"}],"wp:term":[{"taxonomy":"category","embeddable":true,"href":"https:\/\/www.fwa-ffo.de\/wp2\/wp-json\/wp\/v2\/categories?post=10806"},{"taxonomy":"post_tag","embeddable":true,"href":"https:\/\/www.fwa-ffo.de\/wp2\/wp-json\/wp\/v2\/tags?post=10806"}],"curies":[{"name":"wp","href":"https:\/\/api.w.org\/{rel}","templated":true}]}}